{"id":877,"date":"2021-02-08T17:31:00","date_gmt":"2021-02-08T22:31:00","guid":{"rendered":"https:\/\/aparte.juripop.org\/?p=877"},"modified":"2023-05-03T09:34:04","modified_gmt":"2023-05-03T13:34:04","slug":"lordonnance-de-protection-en-matiere-civile","status":"publish","type":"post","link":"https:\/\/aparte.juripop.org\/en\/lordonnance-de-protection-en-matiere-civile\/","title":{"rendered":"L\u2019ordonnance de protection en mati\u00e8re civile"},"content":{"rendered":"\n<h2 class=\"wp-block-heading\">Depuis 2016, il est possible de demander \u00e0 la Cour une \u00abordonnance de protection\u00bb. En quoi consiste cet outil juridique?<\/h2>\n\n\n\n<p>L\u2019ordonnance civile de protection est une mesure protectrice qui vise \u00e0 interdire \u00e0 l\u2019auteur d\u2019une menace de poser des gestes qui peuvent porter atteinte \u00e0 la vie, \u00e0 la s\u00e9curit\u00e9 ou \u00e0 la sant\u00e9 physique ou psychologique d\u2019une personne (<a href=\"http:\/\/www.legisquebec.gouv.qc.ca\/fr\/showdoc\/cs\/C-25.01\"><em>Code de proc\u00e9dure civile<\/em><\/a>, article 509 alin\u00e9a 2, ci-apr\u00e8s \u00abCode\u00bb). La menace peut prendre plusieurs formes. Par exemple, il peut s\u2019agir d\u2019appels et de messages textes r\u00e9p\u00e9t\u00e9s ou de tout autre comportement harcelant (1).<\/p>\n\n\n\n<p>Il n&#8217;est pas n\u00e9cessaire d&#8217;avoir port\u00e9 plainte \u00e0 la police ou d&#8217;\u00eatre en pr\u00e9sence d&#8217;un crime pour pour qu\u2019une telle ordonnance soit \u00e9mise en faveur de la personne menac\u00e9e (2).<\/p>\n\n\n\n<p>Pour obtenir une ordonnance civile de protection, il faut s\u2019adresser \u00e0 la Cour sup\u00e9rieure (<a href=\"http:\/\/www.legisquebec.gouv.qc.ca\/fr\/showdoc\/cs\/C-25.01\">Code<\/a>, article 509 alin\u00e9a 1). L\u2019ordonnance peut \u00eatre demand\u00e9e par la victime, par une autre personne, ou par un organisme au nom de la victime si elle y consent ou si le tribunal l\u2019autorise (<a href=\"http:\/\/www.legisquebec.gouv.qc.ca\/fr\/showdoc\/cs\/C-25.01\">Code<\/a>, article 509 alin\u00e9a 3). Il pourrait s\u2019agir, par exemple, d\u2019un Centre int\u00e9gr\u00e9 de sant\u00e9 et de services sociaux (<em>Centre int\u00e9gr\u00e9 de sant\u00e9 et de services sociaux (CISSS) de Chaudi\u00e8re-Appalaches&nbsp;<\/em>c.&nbsp;<em>M.M<\/em>.,&nbsp;<a href=\"https:\/\/www.canlii.org\/fr\/qc\/qccs\/doc\/2018\/2018qccs2628\/2018qccs2628.html?resultIndex=1\">2018 QCCS 2628<\/a>).<\/p>\n\n\n\n<p>La personne qui demande l\u2019ordonnance doit pr\u00e9senter les raisons qui font craindre pour la vie, la s\u00e9curit\u00e9, ou la sant\u00e9 physique ou psychologique de la victime (<em>Tremblay&nbsp;<\/em>c.&nbsp;<em>Gordon<\/em>,&nbsp;<a href=\"https:\/\/www.canlii.org\/fr\/qc\/qccs\/doc\/2020\/2020qccs1166\/2020qccs1166.html?resultIndex=1\">2020 QCCS 1166<\/a>). \u00c0 cette fin, il est possible de se fonder sur divers \u00e9l\u00e9ments de preuve. L\u2019opinion d\u2019experts qui confirme que le comportement de l\u2019auteur est mena\u00e7ant, ou les t\u00e9moignages des proches de la victime et ceux de la victime elle-m\u00eame peuvent notamment servir \u00e0 d\u00e9montrer la menace, entre autres (<em>Y.T.<\/em>&nbsp;c.&nbsp;<em>Gilbert,<\/em>&nbsp;<a href=\"https:\/\/www.canlii.org\/fr\/qc\/qccs\/doc\/2019\/2019qccs1977\/2019qccs1977.html?autocompleteStr=Y.T.%20c.%20Gilbert%2C%20&amp;autocompletePos=1#document\">2019 QCCS 1977<\/a>). Une anxi\u00e9t\u00e9 accrue, un niveau de stress plus \u00e9lev\u00e9 et des troubles du sommeil peuvent aussi permettre au tribunal de constater l\u2019atteinte chez la victime (<em>Y.T.<\/em>&nbsp;c.&nbsp;<em>Gilbert,<\/em>&nbsp;<a href=\"https:\/\/www.canlii.org\/fr\/qc\/qccs\/doc\/2019\/2019qccs1977\/2019qccs1977.html?autocompleteStr=Y.T.%20c.%20Gilbert%2C%20&amp;autocompletePos=1#document\">2019 QCCS 1977<\/a>).<\/p>\n\n\n\n<p>Si le tribunal est convaincu que la vie, la sant\u00e9, ou la s\u00e9curit\u00e9 physique ou psychologique du requ\u00e9rant est menac\u00e9e, il pourra \u00e9mettre l\u2019ordonnance de protection (<a href=\"http:\/\/www.legisquebec.gouv.qc.ca\/fr\/showdoc\/cs\/C-25.01\">Code<\/a>, article 509 alin\u00e9a 2). Le tribunal pourra l\u2019assortir de conditions vari\u00e9es selon les besoins particuliers de chaque cas (<a href=\"http:\/\/www.legisquebec.gouv.qc.ca\/fr\/showdoc\/cs\/C-25.01\">Code<\/a>, article 509 alin\u00e9a 2). La dur\u00e9e de la validit\u00e9 de l\u2019ordonnance est d\u00e9termin\u00e9e par le tribunal, mais elle ne peut pas exc\u00e9der trois ans (<a href=\"http:\/\/www.legisquebec.gouv.qc.ca\/fr\/showdoc\/cs\/C-25.01\">Code<\/a>, article 509 alin\u00e9a 2). Si une situation pr\u00e9sente une urgence particuli\u00e8re, le tribunal pourra \u00e9mettre une ordonnance plus rapidement, mais la validit\u00e9 de celle-ci sera limit\u00e9e \u00e0 une dur\u00e9e maximale de 10 jours (<a href=\"http:\/\/www.legisquebec.gouv.qc.ca\/fr\/showdoc\/cs\/C-25.01\">Code<\/a>, article 510 alin\u00e9a 2).<\/p>\n\n\n\n<p>(1) (2)&nbsp;<a href=\"http:\/\/www.assnat.qc.ca\/fr\/travaux-parlementaires\/commissions\/ci-41-1\/journal-debats\/CI-160601.html\">Journal des d\u00e9bats de la Commission des institutions<\/a>, 41e l\u00e9gislature, 1re session, le mercredi 1 juin 2016 \u2013 Vol. 44 No 127, \u00c9tude d\u00e9taill\u00e9e du projet de loi no 59, Loi \u00e9dictant la Loi concernant la pr\u00e9vention et la lutte contre les discours haineux et les discours incitant \u00e0 la violence et apportant diverses modifications l\u00e9gislatives pour renforcer la protection des personnes, propos de la ministre de la Justice du Qu\u00e9bec, madame St\u00e9phanie Vall\u00e9e.<\/p>\n","protected":false},"excerpt":{"rendered":"<p>En quoi consiste cet outil juridique?<\/p>\n","protected":false},"author":1,"featured_media":879,"comment_status":"closed","ping_status":"closed","sticky":false,"template":"","format":"standard","meta":{"_acf_changed":false,"footnotes":""},"categories":[8],"tags":[],"class_list":["post-877","post","type-post","status-publish","format-standard","has-post-thumbnail","hentry","category-juridique"],"acf":[],"yoast_head":"<!-- This site is optimized with the Yoast SEO plugin v27.2 - https:\/\/yoast.com\/product\/yoast-seo-wordpress\/ -->\n<title>L\u2019ordonnance de protection en mati\u00e8re civile &#8211; L&#039;Apart\u00e9<\/title>\n<meta name=\"robots\" content=\"index, follow, max-snippet:-1, max-image-preview:large, max-video-preview:-1\" \/>\n<link rel=\"canonical\" href=\"https:\/\/aparte.juripop.org\/en\/lordonnance-de-protection-en-matiere-civile\/\" \/>\n<meta property=\"og:locale\" content=\"en_US\" \/>\n<meta property=\"og:type\" content=\"article\" \/>\n<meta property=\"og:title\" content=\"L\u2019ordonnance de protection en mati\u00e8re civile &#8211; L&#039;Apart\u00e9\" \/>\n<meta property=\"og:description\" content=\"En quoi consiste cet outil juridique?\" \/>\n<meta property=\"og:url\" content=\"https:\/\/aparte.juripop.org\/en\/lordonnance-de-protection-en-matiere-civile\/\" \/>\n<meta property=\"og:site_name\" content=\"L&#039;Apart\u00e9\" \/>\n<meta property=\"article:publisher\" content=\"https:\/\/www.facebook.com\/juripop.qc\" \/>\n<meta property=\"article:published_time\" content=\"2021-02-08T22:31:00+00:00\" \/>\n<meta property=\"article:modified_time\" content=\"2023-05-03T13:34:04+00:00\" \/>\n<meta property=\"og:image\" content=\"https:\/\/aparte.juripop.org\/wp-content\/uploads\/2023\/04\/Code-civil.png\" \/>\n\t<meta property=\"og:image:width\" content=\"1435\" \/>\n\t<meta property=\"og:image:height\" content=\"2151\" \/>\n\t<meta property=\"og:image:type\" content=\"image\/png\" \/>\n<meta name=\"author\" content=\"boreale\" \/>\n<meta name=\"twitter:card\" content=\"summary_large_image\" \/>\n<meta name=\"twitter:creator\" content=\"@juripop\" \/>\n<meta name=\"twitter:site\" content=\"@juripop\" \/>\n<meta name=\"twitter:label1\" content=\"Written by\" \/>\n\t<meta name=\"twitter:data1\" content=\"boreale\" \/>\n\t<meta name=\"twitter:label2\" content=\"Est. reading time\" \/>\n\t<meta name=\"twitter:data2\" content=\"3 minutes\" \/>\n<script type=\"application\/ld+json\" class=\"yoast-schema-graph\">{\"@context\":\"https:\/\/schema.org\",\"@graph\":[{\"@type\":\"Article\",\"@id\":\"https:\/\/aparte.juripop.org\/en\/lordonnance-de-protection-en-matiere-civile\/#article\",\"isPartOf\":{\"@id\":\"https:\/\/aparte.juripop.org\/en\/lordonnance-de-protection-en-matiere-civile\/\"},\"author\":{\"name\":\"boreale\",\"@id\":\"https:\/\/aparte.juripop.org\/en\/#\/schema\/person\/7c5f21b15b9d24cca22dcb5be9dfbef5\"},\"headline\":\"L\u2019ordonnance de protection en mati\u00e8re civile\",\"datePublished\":\"2021-02-08T22:31:00+00:00\",\"dateModified\":\"2023-05-03T13:34:04+00:00\",\"mainEntityOfPage\":{\"@id\":\"https:\/\/aparte.juripop.org\/en\/lordonnance-de-protection-en-matiere-civile\/\"},\"wordCount\":560,\"publisher\":{\"@id\":\"https:\/\/aparte.juripop.org\/en\/#organization\"},\"image\":{\"@id\":\"https:\/\/aparte.juripop.org\/en\/lordonnance-de-protection-en-matiere-civile\/#primaryimage\"},\"thumbnailUrl\":\"https:\/\/aparte.juripop.org\/wp-content\/uploads\/2023\/04\/Code-civil.png\",\"articleSection\":[\"Juridique\"],\"inLanguage\":\"en-US\"},{\"@type\":\"WebPage\",\"@id\":\"https:\/\/aparte.juripop.org\/en\/lordonnance-de-protection-en-matiere-civile\/\",\"url\":\"https:\/\/aparte.juripop.org\/en\/lordonnance-de-protection-en-matiere-civile\/\",\"name\":\"L\u2019ordonnance de protection en mati\u00e8re civile &#8211; L&#039;Apart\u00e9\",\"isPartOf\":{\"@id\":\"https:\/\/aparte.juripop.org\/en\/#website\"},\"primaryImageOfPage\":{\"@id\":\"https:\/\/aparte.juripop.org\/en\/lordonnance-de-protection-en-matiere-civile\/#primaryimage\"},\"image\":{\"@id\":\"https:\/\/aparte.juripop.org\/en\/lordonnance-de-protection-en-matiere-civile\/#primaryimage\"},\"thumbnailUrl\":\"https:\/\/aparte.juripop.org\/wp-content\/uploads\/2023\/04\/Code-civil.png\",\"datePublished\":\"2021-02-08T22:31:00+00:00\",\"dateModified\":\"2023-05-03T13:34:04+00:00\",\"inLanguage\":\"en-US\",\"potentialAction\":[{\"@type\":\"ReadAction\",\"target\":[\"https:\/\/aparte.juripop.org\/en\/lordonnance-de-protection-en-matiere-civile\/\"]}]},{\"@type\":\"ImageObject\",\"inLanguage\":\"en-US\",\"@id\":\"https:\/\/aparte.juripop.org\/en\/lordonnance-de-protection-en-matiere-civile\/#primaryimage\",\"url\":\"https:\/\/aparte.juripop.org\/wp-content\/uploads\/2023\/04\/Code-civil.png\",\"contentUrl\":\"https:\/\/aparte.juripop.org\/wp-content\/uploads\/2023\/04\/Code-civil.png\",\"width\":1435,\"height\":2151},{\"@type\":\"WebSite\",\"@id\":\"https:\/\/aparte.juripop.org\/en\/#website\",\"url\":\"https:\/\/aparte.juripop.org\/en\/\",\"name\":\"L'Apart\u00e9\",\"description\":\"Ressources contre le harc\u00e8lement et les violences en milieu culturel\",\"publisher\":{\"@id\":\"https:\/\/aparte.juripop.org\/en\/#organization\"},\"alternateName\":\"Apart\u00e9\",\"potentialAction\":[{\"@type\":\"SearchAction\",\"target\":{\"@type\":\"EntryPoint\",\"urlTemplate\":\"https:\/\/aparte.juripop.org\/en\/?s={search_term_string}\"},\"query-input\":{\"@type\":\"PropertyValueSpecification\",\"valueRequired\":true,\"valueName\":\"search_term_string\"}}],\"inLanguage\":\"en-US\"},{\"@type\":\"Organization\",\"@id\":\"https:\/\/aparte.juripop.org\/en\/#organization\",\"name\":\"L'Apart\u00e9\",\"alternateName\":\"Apart\u00e9\",\"url\":\"https:\/\/aparte.juripop.org\/en\/\",\"logo\":{\"@type\":\"ImageObject\",\"inLanguage\":\"en-US\",\"@id\":\"https:\/\/aparte.juripop.org\/en\/#\/schema\/logo\/image\/\",\"url\":\"https:\/\/aparte.juripop.org\/wp-content\/uploads\/2023\/04\/aparte_logo.svg\",\"contentUrl\":\"https:\/\/aparte.juripop.org\/wp-content\/uploads\/2023\/04\/aparte_logo.svg\",\"width\":\"1024\",\"height\":\"1024\",\"caption\":\"L'Apart\u00e9\"},\"image\":{\"@id\":\"https:\/\/aparte.juripop.org\/en\/#\/schema\/logo\/image\/\"},\"sameAs\":[\"https:\/\/www.facebook.com\/juripop.qc\",\"https:\/\/x.com\/juripop\"]},{\"@type\":\"Person\",\"@id\":\"https:\/\/aparte.juripop.org\/en\/#\/schema\/person\/7c5f21b15b9d24cca22dcb5be9dfbef5\",\"name\":\"boreale\",\"image\":{\"@type\":\"ImageObject\",\"inLanguage\":\"en-US\",\"@id\":\"https:\/\/secure.gravatar.com\/avatar\/8d01fd168672d5a2f2bce3570924093fd436b59aab3c39095c48b91e9a628527?s=96&d=mm&r=g\",\"url\":\"https:\/\/secure.gravatar.com\/avatar\/8d01fd168672d5a2f2bce3570924093fd436b59aab3c39095c48b91e9a628527?s=96&d=mm&r=g\",\"contentUrl\":\"https:\/\/secure.gravatar.com\/avatar\/8d01fd168672d5a2f2bce3570924093fd436b59aab3c39095c48b91e9a628527?s=96&d=mm&r=g\",\"caption\":\"boreale\"},\"url\":\"https:\/\/aparte.juripop.org\/en\/author\/boreale\/\"}]}<\/script>\n<!-- \/ Yoast SEO plugin. -->","yoast_head_json":{"title":"L\u2019ordonnance de protection en mati\u00e8re civile &#8211; L&#039;Apart\u00e9","robots":{"index":"index","follow":"follow","max-snippet":"max-snippet:-1","max-image-preview":"max-image-preview:large","max-video-preview":"max-video-preview:-1"},"canonical":"https:\/\/aparte.juripop.org\/en\/lordonnance-de-protection-en-matiere-civile\/","og_locale":"en_US","og_type":"article","og_title":"L\u2019ordonnance de protection en mati\u00e8re civile &#8211; L&#039;Apart\u00e9","og_description":"En quoi consiste cet outil juridique?","og_url":"https:\/\/aparte.juripop.org\/en\/lordonnance-de-protection-en-matiere-civile\/","og_site_name":"L&#039;Apart\u00e9","article_publisher":"https:\/\/www.facebook.com\/juripop.qc","article_published_time":"2021-02-08T22:31:00+00:00","article_modified_time":"2023-05-03T13:34:04+00:00","og_image":[{"width":1435,"height":2151,"url":"https:\/\/aparte.juripop.org\/wp-content\/uploads\/2023\/04\/Code-civil.png","type":"image\/png"}],"author":"boreale","twitter_card":"summary_large_image","twitter_creator":"@juripop","twitter_site":"@juripop","twitter_misc":{"Written by":"boreale","Est. reading time":"3 minutes"},"schema":{"@context":"https:\/\/schema.org","@graph":[{"@type":"Article","@id":"https:\/\/aparte.juripop.org\/en\/lordonnance-de-protection-en-matiere-civile\/#article","isPartOf":{"@id":"https:\/\/aparte.juripop.org\/en\/lordonnance-de-protection-en-matiere-civile\/"},"author":{"name":"boreale","@id":"https:\/\/aparte.juripop.org\/en\/#\/schema\/person\/7c5f21b15b9d24cca22dcb5be9dfbef5"},"headline":"L\u2019ordonnance de protection en mati\u00e8re civile","datePublished":"2021-02-08T22:31:00+00:00","dateModified":"2023-05-03T13:34:04+00:00","mainEntityOfPage":{"@id":"https:\/\/aparte.juripop.org\/en\/lordonnance-de-protection-en-matiere-civile\/"},"wordCount":560,"publisher":{"@id":"https:\/\/aparte.juripop.org\/en\/#organization"},"image":{"@id":"https:\/\/aparte.juripop.org\/en\/lordonnance-de-protection-en-matiere-civile\/#primaryimage"},"thumbnailUrl":"https:\/\/aparte.juripop.org\/wp-content\/uploads\/2023\/04\/Code-civil.png","articleSection":["Juridique"],"inLanguage":"en-US"},{"@type":"WebPage","@id":"https:\/\/aparte.juripop.org\/en\/lordonnance-de-protection-en-matiere-civile\/","url":"https:\/\/aparte.juripop.org\/en\/lordonnance-de-protection-en-matiere-civile\/","name":"L\u2019ordonnance de protection en mati\u00e8re civile &#8211; L&#039;Apart\u00e9","isPartOf":{"@id":"https:\/\/aparte.juripop.org\/en\/#website"},"primaryImageOfPage":{"@id":"https:\/\/aparte.juripop.org\/en\/lordonnance-de-protection-en-matiere-civile\/#primaryimage"},"image":{"@id":"https:\/\/aparte.juripop.org\/en\/lordonnance-de-protection-en-matiere-civile\/#primaryimage"},"thumbnailUrl":"https:\/\/aparte.juripop.org\/wp-content\/uploads\/2023\/04\/Code-civil.png","datePublished":"2021-02-08T22:31:00+00:00","dateModified":"2023-05-03T13:34:04+00:00","inLanguage":"en-US","potentialAction":[{"@type":"ReadAction","target":["https:\/\/aparte.juripop.org\/en\/lordonnance-de-protection-en-matiere-civile\/"]}]},{"@type":"ImageObject","inLanguage":"en-US","@id":"https:\/\/aparte.juripop.org\/en\/lordonnance-de-protection-en-matiere-civile\/#primaryimage","url":"https:\/\/aparte.juripop.org\/wp-content\/uploads\/2023\/04\/Code-civil.png","contentUrl":"https:\/\/aparte.juripop.org\/wp-content\/uploads\/2023\/04\/Code-civil.png","width":1435,"height":2151},{"@type":"WebSite","@id":"https:\/\/aparte.juripop.org\/en\/#website","url":"https:\/\/aparte.juripop.org\/en\/","name":"L'Apart\u00e9","description":"Ressources contre le harc\u00e8lement et les violences en milieu culturel","publisher":{"@id":"https:\/\/aparte.juripop.org\/en\/#organization"},"alternateName":"Apart\u00e9","potentialAction":[{"@type":"SearchAction","target":{"@type":"EntryPoint","urlTemplate":"https:\/\/aparte.juripop.org\/en\/?s={search_term_string}"},"query-input":{"@type":"PropertyValueSpecification","valueRequired":true,"valueName":"search_term_string"}}],"inLanguage":"en-US"},{"@type":"Organization","@id":"https:\/\/aparte.juripop.org\/en\/#organization","name":"L'Apart\u00e9","alternateName":"Apart\u00e9","url":"https:\/\/aparte.juripop.org\/en\/","logo":{"@type":"ImageObject","inLanguage":"en-US","@id":"https:\/\/aparte.juripop.org\/en\/#\/schema\/logo\/image\/","url":"https:\/\/aparte.juripop.org\/wp-content\/uploads\/2023\/04\/aparte_logo.svg","contentUrl":"https:\/\/aparte.juripop.org\/wp-content\/uploads\/2023\/04\/aparte_logo.svg","width":"1024","height":"1024","caption":"L'Apart\u00e9"},"image":{"@id":"https:\/\/aparte.juripop.org\/en\/#\/schema\/logo\/image\/"},"sameAs":["https:\/\/www.facebook.com\/juripop.qc","https:\/\/x.com\/juripop"]},{"@type":"Person","@id":"https:\/\/aparte.juripop.org\/en\/#\/schema\/person\/7c5f21b15b9d24cca22dcb5be9dfbef5","name":"boreale","image":{"@type":"ImageObject","inLanguage":"en-US","@id":"https:\/\/secure.gravatar.com\/avatar\/8d01fd168672d5a2f2bce3570924093fd436b59aab3c39095c48b91e9a628527?s=96&d=mm&r=g","url":"https:\/\/secure.gravatar.com\/avatar\/8d01fd168672d5a2f2bce3570924093fd436b59aab3c39095c48b91e9a628527?s=96&d=mm&r=g","contentUrl":"https:\/\/secure.gravatar.com\/avatar\/8d01fd168672d5a2f2bce3570924093fd436b59aab3c39095c48b91e9a628527?s=96&d=mm&r=g","caption":"boreale"},"url":"https:\/\/aparte.juripop.org\/en\/author\/boreale\/"}]}},"_links":{"self":[{"href":"https:\/\/aparte.juripop.org\/en\/wp-json\/wp\/v2\/posts\/877","targetHints":{"allow":["GET"]}}],"collection":[{"href":"https:\/\/aparte.juripop.org\/en\/wp-json\/wp\/v2\/posts"}],"about":[{"href":"https:\/\/aparte.juripop.org\/en\/wp-json\/wp\/v2\/types\/post"}],"author":[{"embeddable":true,"href":"https:\/\/aparte.juripop.org\/en\/wp-json\/wp\/v2\/users\/1"}],"replies":[{"embeddable":true,"href":"https:\/\/aparte.juripop.org\/en\/wp-json\/wp\/v2\/comments?post=877"}],"version-history":[{"count":2,"href":"https:\/\/aparte.juripop.org\/en\/wp-json\/wp\/v2\/posts\/877\/revisions"}],"predecessor-version":[{"id":882,"href":"https:\/\/aparte.juripop.org\/en\/wp-json\/wp\/v2\/posts\/877\/revisions\/882"}],"wp:featuredmedia":[{"embeddable":true,"href":"https:\/\/aparte.juripop.org\/en\/wp-json\/wp\/v2\/media\/879"}],"wp:attachment":[{"href":"https:\/\/aparte.juripop.org\/en\/wp-json\/wp\/v2\/media?parent=877"}],"wp:term":[{"taxonomy":"category","embeddable":true,"href":"https:\/\/aparte.juripop.org\/en\/wp-json\/wp\/v2\/categories?post=877"},{"taxonomy":"post_tag","embeddable":true,"href":"https:\/\/aparte.juripop.org\/en\/wp-json\/wp\/v2\/tags?post=877"}],"curies":[{"name":"wp","href":"https:\/\/api.w.org\/{rel}","templated":true}]}}